{"id":141,"date":"2016-01-11T12:53:46","date_gmt":"2016-01-11T11:53:46","guid":{"rendered":"http:\/\/www.49themes.com\/demos\/dentalcarewp\/?p=141"},"modified":"2020-10-09T12:39:45","modified_gmt":"2020-10-09T10:39:45","slug":"traumi-dentali-in-dentizione-permanente","status":"publish","type":"post","link":"https:\/\/www.studiodentisticosanna.it\/dentista-torino\/2016\/01\/11\/traumi-dentali-in-dentizione-permanente\/","title":{"rendered":"Traumi dentali in dentizione permanente"},"content":{"rendered":"<p>[vc_row][vc_column][vc_column_text]<\/p>\n<h4>Il trauma dentale e le lesioni sport-correlate<\/h4>\n<p>Dai dati della letteratura scientifica, tra i 9 e i 10 anni di et\u00e0 si registra il maggior numero di\u00a0<strong>traumi dentali<\/strong>\u00a0ovvero quando le attivit\u00e0 ricreative o sportive diventano pi\u00f9 frequenti. Alcuni studi hanno dimostrato un\u2019incidenza che oscilla tra 1.3 e 4% in ragazzi di et\u00e0 fino ai 18 anni e di 0,4% negli adulti.<\/p>\n<div class=\"none\"><!--more--><\/div>\n<p>Recentemente, un\u2019analisi del Dipartimento di Salute e Servizi Umani degli Stati Uniti ha indicato che circa il 33% di tutti gli episodi di<strong>\u00a0trauma dentale<\/strong>\u00a0e il 19% delle lesioni al distretto testa collo sono\u00a0<strong>sport-correlate<\/strong>.<\/p>\n<p>La federazione Dentale internazionale, ha catalogato gli sport in due categorie in base al rischio di produrre traumi dentali:\u00a0<strong>sport ad alto rischio<\/strong>\u00a0(come il football americano, hockey, hockey su ghiaccio, lacrosse, sport marziali, rugby, pattinaggio in linea, skateboard e mountain bike) e\u00a0<strong>sport medio rischio<\/strong>\u00a0(come il basket, calcio, pallamano, immersioni, squash, ginnastica, paracadutismo e pallanuoto).<br \/>\nVengono quindi tipicamente considerati come sport ad alto rischio, gli sport di squadra in cui il \u201ccontatto\u201d tra i giocatori \u00e8 permesso o in cui viene usato un pallone, disco o una mazza, ma anche alcuni sport individuali dove \u00e8 richiesto un buon equilibrio. Vengono invece considerate a medio rischio quelle attivit\u00e0 sportive in cui il contatto di massima tra i giocatori non \u00e8 consentito, ma \u00e8 alto il rischio di contatto o di caduta.<\/p>\n<p>A causa delle differenze nei metodi e definizioni, \u00e8 difficile fare paragoni sia tra paesi che tra sport diversi. In generale, tuttavia, la presenza di traumi tra gli atleti \u00e8 elevata e alcune valutazioni possono essere fatte. Il rugby, per esempio, ha un tasso molto elevato di traumi in regione\u00a0<strong>dento facciale<\/strong>.<br \/>\nQuando si tratta di calcio, considerato come il nostro sport nazionale, sono stati riportati notevoli variazioni di rischio. In Europa e nel Medio Oriente i tassi di traumi sembrano essere pi\u00f9 bassi di quelli in Asia, Nord e Sud America.<\/p>\n<p>Un fattore molto importante nella prevenzione di traumi, risulta quindi l\u2019abitudine all\u2019utilizzo di<strong>\u00a0dispositivi di protezione<\/strong>, obbligatori in alcune tipologie di sport, in particolare quelle nelle quali si prevede un \u201ccontatto\u201d. Tali dispositivi dovranno essere realizzati seguendo specifici criteri sia per quanto riguarda i materiali di produzione, sia per quanto riguarda l\u2019assenza di traumatismo sia sui\u00a0<strong>denti<\/strong>\u00a0che sulle\u00a0<strong>gengive<\/strong>. Rivolgetevi sempre al vostro specialista, che sapr\u00e0 consigliarvi l\u2019apparecchiatura idonea per la protezione del vostro sorriso.[\/vc_column_text][\/vc_column][\/vc_row]<\/p>\n","protected":false},"excerpt":{"rendered":"<p>Sed ut perspiciatis unde omnis iste natus error sit voluptatem accusa nt ium dolor emque lauud adantium totam perspiciatis unde omnis&#8230;<\/p>\n","protected":false},"author":1,"featured_media":1373,"comment_status":"open","ping_status":"open","sticky":false,"template":"","format":"standard","meta":[],"categories":[25,26,27],"tags":[28,29,30],"yoast_head":"<!-- This site is optimized with the Yoast SEO plugin v15.9 - https:\/\/yoast.com\/wordpress\/plugins\/seo\/ -->\n<title>Traumi dentali in dentizione permanente | Studio dentistico Sanna<\/title>\n<meta name=\"robots\" content=\"index, follow, max-snippet:-1, max-image-preview:large, max-video-preview:-1\" \/>\n<link rel=\"canonical\" href=\"https:\/\/www.studiodentisticosanna.it\/dentista-torino\/2016\/01\/11\/traumi-dentali-in-dentizione-permanente\/\" \/>\n<meta property=\"og:locale\" content=\"it_IT\" \/>\n<meta property=\"og:type\" content=\"article\" \/>\n<meta property=\"og:title\" content=\"Traumi dentali in dentizione permanente | Studio dentistico Sanna\" \/>\n<meta property=\"og:description\" content=\"Sed ut perspiciatis unde omnis iste natus error sit voluptatem accusa nt ium dolor emque lauud adantium totam perspiciatis unde omnis...\" \/>\n<meta property=\"og:url\" content=\"https:\/\/www.studiodentisticosanna.it\/dentista-torino\/2016\/01\/11\/traumi-dentali-in-dentizione-permanente\/\" \/>\n<meta property=\"og:site_name\" content=\"Studio dentistico Sanna\" \/>\n<meta property=\"article:publisher\" content=\"https:\/\/www.facebook.com\/studiodentisticosanna\" \/>\n<meta property=\"article:published_time\" content=\"2016-01-11T11:53:46+00:00\" \/>\n<meta property=\"article:modified_time\" content=\"2020-10-09T10:39:45+00:00\" \/>\n<meta property=\"og:image\" content=\"https:\/\/www.studiodentisticosanna.it\/dentista-torino\/wp-content\/uploads\/2016\/01\/traumi-dentali.jpg\" \/>\n\t<meta property=\"og:image:width\" content=\"840\" \/>\n\t<meta property=\"og:image:height\" content=\"360\" \/>\n<meta name=\"twitter:card\" content=\"summary_large_image\" \/>\n<meta name=\"twitter:label1\" content=\"Tempo di lettura stimato\">\n\t<meta name=\"twitter:data1\" content=\"2 minuti\">\n<script type=\"application\/ld+json\" class=\"yoast-schema-graph\">{\"@context\":\"https:\/\/schema.org\",\"@graph\":[{\"@type\":\"Organization\",\"@id\":\"https:\/\/www.studiodentisticosanna.it\/dentista-torino\/#organization\",\"name\":\"Studio dentistico Sanna\",\"url\":\"https:\/\/www.studiodentisticosanna.it\/dentista-torino\/\",\"sameAs\":[\"https:\/\/www.facebook.com\/studiodentisticosanna\"],\"logo\":{\"@type\":\"ImageObject\",\"@id\":\"https:\/\/www.studiodentisticosanna.it\/dentista-torino\/#logo\",\"inLanguage\":\"it-IT\",\"url\":\"https:\/\/www.studiodentisticosanna.it\/dentista-torino\/wp-content\/uploads\/2020\/09\/studio-dentistico-sanna_logo.png\",\"width\":352,\"height\":100,\"caption\":\"Studio dentistico Sanna\"},\"image\":{\"@id\":\"https:\/\/www.studiodentisticosanna.it\/dentista-torino\/#logo\"}},{\"@type\":\"WebSite\",\"@id\":\"https:\/\/www.studiodentisticosanna.it\/dentista-torino\/#website\",\"url\":\"https:\/\/www.studiodentisticosanna.it\/dentista-torino\/\",\"name\":\"Studio dentistico Sanna\",\"description\":\"Dentista Torino\",\"publisher\":{\"@id\":\"https:\/\/www.studiodentisticosanna.it\/dentista-torino\/#organization\"},\"potentialAction\":[{\"@type\":\"SearchAction\",\"target\":\"https:\/\/www.studiodentisticosanna.it\/dentista-torino\/?s={search_term_string}\",\"query-input\":\"required name=search_term_string\"}],\"inLanguage\":\"it-IT\"},{\"@type\":\"ImageObject\",\"@id\":\"https:\/\/www.studiodentisticosanna.it\/dentista-torino\/2016\/01\/11\/traumi-dentali-in-dentizione-permanente\/#primaryimage\",\"inLanguage\":\"it-IT\",\"url\":\"https:\/\/www.studiodentisticosanna.it\/dentista-torino\/wp-content\/uploads\/2016\/01\/traumi-dentali.jpg\",\"width\":840,\"height\":360},{\"@type\":\"WebPage\",\"@id\":\"https:\/\/www.studiodentisticosanna.it\/dentista-torino\/2016\/01\/11\/traumi-dentali-in-dentizione-permanente\/#webpage\",\"url\":\"https:\/\/www.studiodentisticosanna.it\/dentista-torino\/2016\/01\/11\/traumi-dentali-in-dentizione-permanente\/\",\"name\":\"Traumi dentali in dentizione permanente | Studio dentistico Sanna\",\"isPartOf\":{\"@id\":\"https:\/\/www.studiodentisticosanna.it\/dentista-torino\/#website\"},\"primaryImageOfPage\":{\"@id\":\"https:\/\/www.studiodentisticosanna.it\/dentista-torino\/2016\/01\/11\/traumi-dentali-in-dentizione-permanente\/#primaryimage\"},\"datePublished\":\"2016-01-11T11:53:46+00:00\",\"dateModified\":\"2020-10-09T10:39:45+00:00\",\"breadcrumb\":{\"@id\":\"https:\/\/www.studiodentisticosanna.it\/dentista-torino\/2016\/01\/11\/traumi-dentali-in-dentizione-permanente\/#breadcrumb\"},\"inLanguage\":\"it-IT\",\"potentialAction\":[{\"@type\":\"ReadAction\",\"target\":[\"https:\/\/www.studiodentisticosanna.it\/dentista-torino\/2016\/01\/11\/traumi-dentali-in-dentizione-permanente\/\"]}]},{\"@type\":\"BreadcrumbList\",\"@id\":\"https:\/\/www.studiodentisticosanna.it\/dentista-torino\/2016\/01\/11\/traumi-dentali-in-dentizione-permanente\/#breadcrumb\",\"itemListElement\":[{\"@type\":\"ListItem\",\"position\":1,\"item\":{\"@type\":\"WebPage\",\"@id\":\"https:\/\/www.studiodentisticosanna.it\/dentista-torino\/\",\"url\":\"https:\/\/www.studiodentisticosanna.it\/dentista-torino\/\",\"name\":\"Home\"}},{\"@type\":\"ListItem\",\"position\":2,\"item\":{\"@type\":\"WebPage\",\"@id\":\"https:\/\/www.studiodentisticosanna.it\/dentista-torino\/2016\/01\/11\/traumi-dentali-in-dentizione-permanente\/\",\"url\":\"https:\/\/www.studiodentisticosanna.it\/dentista-torino\/2016\/01\/11\/traumi-dentali-in-dentizione-permanente\/\",\"name\":\"Traumi dentali in dentizione permanente\"}}]},{\"@type\":\"Article\",\"@id\":\"https:\/\/www.studiodentisticosanna.it\/dentista-torino\/2016\/01\/11\/traumi-dentali-in-dentizione-permanente\/#article\",\"isPartOf\":{\"@id\":\"https:\/\/www.studiodentisticosanna.it\/dentista-torino\/2016\/01\/11\/traumi-dentali-in-dentizione-permanente\/#webpage\"},\"author\":{\"@id\":\"https:\/\/www.studiodentisticosanna.it\/dentista-torino\/#\/schema\/person\/37700e6d007880f14b5850ab5c2e276c\"},\"headline\":\"Traumi dentali in dentizione permanente\",\"datePublished\":\"2016-01-11T11:53:46+00:00\",\"dateModified\":\"2020-10-09T10:39:45+00:00\",\"mainEntityOfPage\":{\"@id\":\"https:\/\/www.studiodentisticosanna.it\/dentista-torino\/2016\/01\/11\/traumi-dentali-in-dentizione-permanente\/#webpage\"},\"publisher\":{\"@id\":\"https:\/\/www.studiodentisticosanna.it\/dentista-torino\/#organization\"},\"image\":{\"@id\":\"https:\/\/www.studiodentisticosanna.it\/dentista-torino\/2016\/01\/11\/traumi-dentali-in-dentizione-permanente\/#primaryimage\"},\"keywords\":\"Dentista,Paradenti,Trauma dentale\",\"articleSection\":\"Dentista,Paradenti,Trauma dentale\",\"inLanguage\":\"it-IT\",\"potentialAction\":[{\"@type\":\"CommentAction\",\"name\":\"Comment\",\"target\":[\"https:\/\/www.studiodentisticosanna.it\/dentista-torino\/2016\/01\/11\/traumi-dentali-in-dentizione-permanente\/#respond\"]}]},{\"@type\":\"Person\",\"@id\":\"https:\/\/www.studiodentisticosanna.it\/dentista-torino\/#\/schema\/person\/37700e6d007880f14b5850ab5c2e276c\",\"name\":\"Studio-Dentistico\",\"image\":{\"@type\":\"ImageObject\",\"@id\":\"https:\/\/www.studiodentisticosanna.it\/dentista-torino\/#personlogo\",\"inLanguage\":\"it-IT\",\"url\":\"https:\/\/secure.gravatar.com\/avatar\/d8841f1b24dd30113857ed2de487df29?s=96&d=mm&r=g\",\"caption\":\"Studio-Dentistico\"},\"sameAs\":[\"http:\/\/www.studiodentisticosanna.it\/dentista-torino\"]}]}<\/script>\n<!-- \/ Yoast SEO plugin. -->","_links":{"self":[{"href":"https:\/\/www.studiodentisticosanna.it\/dentista-torino\/wp-json\/wp\/v2\/posts\/141"}],"collection":[{"href":"https:\/\/www.studiodentisticosanna.it\/dentista-torino\/wp-json\/wp\/v2\/posts"}],"about":[{"href":"https:\/\/www.studiodentisticosanna.it\/dentista-torino\/wp-json\/wp\/v2\/types\/post"}],"author":[{"embeddable":true,"href":"https:\/\/www.studiodentisticosanna.it\/dentista-torino\/wp-json\/wp\/v2\/users\/1"}],"replies":[{"embeddable":true,"href":"https:\/\/www.studiodentisticosanna.it\/dentista-torino\/wp-json\/wp\/v2\/comments?post=141"}],"version-history":[{"count":6,"href":"https:\/\/www.studiodentisticosanna.it\/dentista-torino\/wp-json\/wp\/v2\/posts\/141\/revisions"}],"predecessor-version":[{"id":1398,"href":"https:\/\/www.studiodentisticosanna.it\/dentista-torino\/wp-json\/wp\/v2\/posts\/141\/revisions\/1398"}],"wp:featuredmedia":[{"embeddable":true,"href":"https:\/\/www.studiodentisticosanna.it\/dentista-torino\/wp-json\/wp\/v2\/media\/1373"}],"wp:attachment":[{"href":"https:\/\/www.studiodentisticosanna.it\/dentista-torino\/wp-json\/wp\/v2\/media?parent=141"}],"wp:term":[{"taxonomy":"category","embeddable":true,"href":"https:\/\/www.studiodentisticosanna.it\/dentista-torino\/wp-json\/wp\/v2\/categories?post=141"},{"taxonomy":"post_tag","embeddable":true,"href":"https:\/\/www.studiodentisticosanna.it\/dentista-torino\/wp-json\/wp\/v2\/tags?post=141"}],"curies":[{"name":"wp","href":"https:\/\/api.w.org\/{rel}","templated":true}]}}